{"id":2423,"date":"2024-08-28T23:49:57","date_gmt":"2024-08-28T23:49:57","guid":{"rendered":"https:\/\/encuestas.uc.cl\/?p=2423"},"modified":"2024-09-23T15:36:38","modified_gmt":"2024-09-23T15:36:38","slug":"comienza-el-terreno-del-estudio-longitudinal-de-la-region-de-ohiggins-2024","status":"publish","type":"post","link":"http:\/\/encuestas.uc.cl\/?p=2423","title":{"rendered":"Comienza el terreno del Estudio Longitudinal de la Regi\u00f3n de O&#8217;Higgins 2024"},"content":{"rendered":"\n<p class=\"has-text-align-right\"><strong>28 de agosto, 2024<\/strong><\/p>\n\n\n\n<p>A finales de agosto de 2024 se da inicio al levantamiento del Estudio Longitudinal de la Regi\u00f3n de O&#8217;Higgins. Este estudio implementar\u00e1 una metodolog\u00eda de encuesta mixta, incluyendo encuestas presenciales y telef\u00f3nicas. Las fases iniciales del trabajo en terreno incluyen el empadronamiento y pre-contacto.<\/p>\n\n\n\n<div class=\"wp-block-columns is-layout-flex wp-container-core-columns-is-layout-9d6595d7 wp-block-columns-is-layout-flex\">\n<div class=\"wp-block-column is-layout-flow wp-block-column-is-layout-flow\" style=\"flex-basis:33.33%\">\n<h3 class=\"wp-block-heading\">Empadronamiento<\/h3>\n\n\n\n<p>En esta primera etapa, nuestros encuestadores\/as visitar\u00e1n las unidades territoriales seleccionadas para el estudio, con el objetivo de identificar el n\u00famero de viviendas y cualquier posible cambio en su distribuci\u00f3n a lo largo del tiempo. Para llevar a cabo esta tarea de manera efectiva, es crucial contar con la colaboraci\u00f3n de los administradores de edificios y condominios privados.<\/p>\n\n\n\n<h3 class=\"wp-block-heading\">Pre-contacto<\/h3>\n\n\n\n<p>Durante esta segunda etapa, se recopilar\u00e1 informaci\u00f3n preliminar sobre las viviendas seleccionadas y sus residentes antes de iniciar la encuesta principal. El objetivo es obtener datos b\u00e1sicos de contacto para facilitar la posterior realizaci\u00f3n de entrevistas telef\u00f3nicas.<\/p>\n<\/div>\n\n\n\n<div class=\"wp-block-column is-layout-flow wp-block-column-is-layout-flow\" style=\"flex-basis:66.66%\">\n<figure class=\"wp-block-image size-large\"><img loading=\"lazy\" decoding=\"async\" width=\"1024\" height=\"681\" src=\"http:\/\/encuestas.uc.cl\/wp-content\/uploads\/2024\/08\/image-2-1024x681.png\" alt=\"\" class=\"wp-image-2424\" srcset=\"http:\/\/encuestas.uc.cl\/wp-content\/uploads\/2024\/08\/image-2-1024x681.png 1024w, http:\/\/encuestas.uc.cl\/wp-content\/uploads\/2024\/08\/image-2-300x200.png 300w, http:\/\/encuestas.uc.cl\/wp-content\/uploads\/2024\/08\/image-2-768x511.png 768w, http:\/\/encuestas.uc.cl\/wp-content\/uploads\/2024\/08\/image-2.png 1030w\" sizes=\"auto, (max-width: 1024px) 100vw, 1024px\" \/><figcaption class=\"wp-element-caption\">Fuente: Dear Garou, via Flickr<\/figcaption><\/figure>\n<\/div>\n<\/div>\n\n\n\n<h3 class=\"wp-block-heading\">Objetivo del Estudio<\/h3>\n\n\n\n<p>El prop\u00f3sito central de este estudio es recopilar un conjunto de datos que sean representativos y oportunos sobre los aspectos socioecon\u00f3micos y demogr\u00e1ficos clave de la Regi\u00f3n de O&#8217;Higgins. A trav\u00e9s de la recolecci\u00f3n y an\u00e1lisis de informaci\u00f3n sobre empleo, educaci\u00f3n, salud, as\u00ed como sobre la estructura y din\u00e1mica de los hogares, se busca ofrecer una visi\u00f3n completa que permita comprender las diversas situaciones y desaf\u00edos que enfrentan los residentes de la regi\u00f3n. Estos datos ser\u00e1n recursos esenciales para el an\u00e1lisis y la formulaci\u00f3n de pol\u00edticas p\u00fablicas informadas y eficaces.<\/p>\n\n\n\n<h3 class=\"wp-block-heading\">Cuestionario<\/h3>\n\n\n\n<p>El cuestionario se enfoca en diversos temas laborales, indagando en las ocupaciones, jornadas laborales y condiciones de empleo de los miembros del hogar, tanto en su trabajo principal como en actividades secundarias. Adem\u00e1s, incluye preguntas detalladas sobre ingresos, gastos y beneficios percibidos, as\u00ed como sobre la salud y el acceso a servicios sanitarios. Tambi\u00e9n se exploran aspectos relacionados con las actividades dom\u00e9sticas, el cuidado de ni\u00f1os y adultos mayores, y la participaci\u00f3n en organizaciones comunitarias. Finalmente, se abordan temas de conectividad digital, el acceso a Internet, y la disposici\u00f3n de los hogares a considerar un cambio de residencia en el futuro.<\/p>\n\n\n\n<p>Para verificar la informaci\u00f3n del encuestador, haz clic en el siguiente bot\u00f3n:<\/p>\n\n\n\n<div class=\"wp-block-columns is-layout-flex wp-container-core-columns-is-layout-9d6595d7 wp-block-columns-is-layout-flex\">\n<div class=\"wp-block-column is-layout-flow wp-block-column-is-layout-flow\">\n<div class=\"wp-block-buttons is-layout-flex wp-block-buttons-is-layout-flex\">\n<div class=\"wp-block-button\"><a class=\"wp-block-button__link has-virtue-primary-background-color has-background wp-element-button\" href=\"https:\/\/centrouc.cl\/buscadorusuarios\/verifica\"><strong>Verificaci\u00f3n de encuestadores<\/strong><\/a><\/div>\n<\/div>\n<\/div>\n<\/div>\n","protected":false},"excerpt":{"rendered":"<p>28 de agosto, 2024 A finales de agosto de 2024 se da inicio al levantamiento del Estudio Longitudinal de la Regi\u00f3n de O&#8217;Higgins. Este estudio implementar\u00e1 una metodolog\u00eda de encuesta mixta, incluyendo encuestas presenciales y telef\u00f3nicas. Las fases iniciales del &hellip; <a href=\"http:\/\/encuestas.uc.cl\/?p=2423\">Continuar<\/a><\/p>\n","protected":false},"author":6,"featured_media":2424,"comment_status":"closed","ping_status":"open","sticky":false,"template":"","format":"standard","meta":{"kt_blocks_editor_width":"","footnotes":""},"categories":[10],"tags":[],"class_list":["post-2423","post","type-post","status-publish","format-standard","has-post-thumbnail","hentry","category-noticias"],"_links":{"self":[{"href":"http:\/\/encuestas.uc.cl\/index.php?rest_route=\/wp\/v2\/posts\/2423","targetHints":{"allow":["GET"]}}],"collection":[{"href":"http:\/\/encuestas.uc.cl\/index.php?rest_route=\/wp\/v2\/posts"}],"about":[{"href":"http:\/\/encuestas.uc.cl\/index.php?rest_route=\/wp\/v2\/types\/post"}],"author":[{"embeddable":true,"href":"http:\/\/encuestas.uc.cl\/index.php?rest_route=\/wp\/v2\/users\/6"}],"replies":[{"embeddable":true,"href":"http:\/\/encuestas.uc.cl\/index.php?rest_route=%2Fwp%2Fv2%2Fcomments&post=2423"}],"version-history":[{"count":7,"href":"http:\/\/encuestas.uc.cl\/index.php?rest_route=\/wp\/v2\/posts\/2423\/revisions"}],"predecessor-version":[{"id":2436,"href":"http:\/\/encuestas.uc.cl\/index.php?rest_route=\/wp\/v2\/posts\/2423\/revisions\/2436"}],"wp:featuredmedia":[{"embeddable":true,"href":"http:\/\/encuestas.uc.cl\/index.php?rest_route=\/wp\/v2\/media\/2424"}],"wp:attachment":[{"href":"http:\/\/encuestas.uc.cl\/index.php?rest_route=%2Fwp%2Fv2%2Fmedia&parent=2423"}],"wp:term":[{"taxonomy":"category","embeddable":true,"href":"http:\/\/encuestas.uc.cl\/index.php?rest_route=%2Fwp%2Fv2%2Fcategories&post=2423"},{"taxonomy":"post_tag","embeddable":true,"href":"http:\/\/encuestas.uc.cl\/index.php?rest_route=%2Fwp%2Fv2%2Ftags&post=2423"}],"curies":[{"name":"wp","href":"https:\/\/api.w.org\/{rel}","templated":true}]}}