{"id":2852,"date":"2026-04-27T18:16:09","date_gmt":"2026-04-27T18:16:09","guid":{"rendered":"https:\/\/encuestas.uc.cl\/?p=2852"},"modified":"2026-04-27T19:22:39","modified_gmt":"2026-04-27T19:22:39","slug":"lanzamiento-de-crucial-radiografia-empresarial-en-chile-se-inicia-el-trabajo-de-campo-de-la-encuesta-adn-empresas","status":"publish","type":"post","link":"http:\/\/encuestas.uc.cl\/?p=2852","title":{"rendered":"Lanzamiento de crucial radiograf\u00eda empresarial en Chile: Se inicia el trabajo de campo de la encuesta \u00abADN Empresas\u00bb"},"content":{"rendered":"\n<p class=\"has-text-align-right\"><strong>30 de Marzo, 2026<\/strong><\/p>\n\n\n\n<p>Durante los meses de abril y septiembre del 2026, se realizar\u00e1 el levantamiento del estudio \u201cAn\u00e1lisis Din\u00e1mico Nacional de Empresas (ADN Empresas)\u201d. Esta iniciativa se impulsa en el pa\u00eds por la Pontificia Universidad Cat\u00f3lica de Chile, a trav\u00e9s del Centro de Encuestas y Estudios Longitudinales, y por la Corporaci\u00f3n GrandePyme. El prop\u00f3sito central de este estudio es generar una radiograf\u00eda sobre la situaci\u00f3n empresarial en Chile, poniendo especial \u00e9nfasis en las necesidades y desaf\u00edos de las Micro, Peque\u00f1as y Medianas Empresas (MiPyMEs).<\/p>\n\n\n\n<figure class=\"wp-block-image size-large\"><img loading=\"lazy\" decoding=\"async\" width=\"1024\" height=\"565\" src=\"https:\/\/encuestas.uc.cl\/wp-content\/uploads\/2026\/04\/Imagen-para-noticia-terreno-1024x565.png\" alt=\"\" class=\"wp-image-2864\" srcset=\"http:\/\/encuestas.uc.cl\/wp-content\/uploads\/2026\/04\/Imagen-para-noticia-terreno-1024x565.png 1024w, http:\/\/encuestas.uc.cl\/wp-content\/uploads\/2026\/04\/Imagen-para-noticia-terreno-300x165.png 300w, http:\/\/encuestas.uc.cl\/wp-content\/uploads\/2026\/04\/Imagen-para-noticia-terreno-768x423.png 768w, http:\/\/encuestas.uc.cl\/wp-content\/uploads\/2026\/04\/Imagen-para-noticia-terreno.png 1393w\" sizes=\"auto, (max-width: 1024px) 100vw, 1024px\" \/><\/figure>\n\n\n\n<h4 class=\"wp-block-heading\"><strong>El valor de participar: Dar voz a las urgencias del sector<\/strong><\/h4>\n\n\n\n<p>Las empresas que ser\u00e1n contactadas por parte de encuestadores del Centro UC, han sido seleccionadas mediante un muestreo aleatorio representativo. Por lo mismo, la participaci\u00f3n de cada organizaci\u00f3n elegida es catalogada como esencial y vital para representar fielmente la realidad del sector y, con ello, orientar acciones concretas que fortalezcan el entorno de negocios a nivel nacional.<\/p>\n\n\n\n<p>El mundo empresarial est\u00e1 cambiando r\u00e1pidamente, y este estudio busca capturar esa transformaci\u00f3n. El cuestionario de la encuesta aborda ocho dimensiones estrat\u00e9gicas para medir la resiliencia y proyecci\u00f3n de las compa\u00f1\u00edas, tales como:<\/p>\n\n\n\n<ul class=\"wp-block-list\">\n<li>La adaptaci\u00f3n tecnol\u00f3gica, explorando espec\u00edficamente c\u00f3mo se est\u00e1 incorporando la Inteligencia Artificial en los procesos productivos y si esta ha desplazado o generado nuevos puestos de trabajo.<\/li>\n\n\n\n<li>La din\u00e1mica de inversi\u00f3n, el acceso a fuentes de financiamiento y las barreras para la innovaci\u00f3n.<\/li>\n\n\n\n<li>La interacci\u00f3n con las pol\u00edticas p\u00fablicas, midiendo en terreno el impacto real de contingencias normativas como la reducci\u00f3n de la jornada laboral a 40 horas y el cumplimiento de la Ley REP.<\/li>\n<\/ul>\n\n\n\n<p>Esta informaci\u00f3n permitir\u00e1 comprender c\u00f3mo las organizaciones chilenas est\u00e1n integrando herramientas digitales y gestionando el talento frente a las incertidumbres econ\u00f3micas actuales.<\/p>\n\n\n\n<h4 class=\"wp-block-heading\"><strong>Flexibilidad operativa y estricta confidencialidad<\/strong><\/h4>\n\n\n\n<p>Conscientes de que el recurso m\u00e1s escaso de las empresas es el tiempo, se ha implementado un sistema dise\u00f1ado para no interferir con la operaci\u00f3n diaria de los negocios. Se han dispuesto las siguientes facilidades para las entrevistas:<\/p>\n\n\n\n<ul class=\"wp-block-list\">\n<li><strong>Modalidades a medida:<\/strong> Las entrevistas pueden realizarse de forma telef\u00f3nica, por videollamada o presencialmente.<\/li>\n\n\n\n<li><strong>Autoaplicaci\u00f3n web:<\/strong> Una plataforma en l\u00ednea permite a los encuestados ingresar con credenciales \u00fanicas y responder de manera aut\u00f3noma.<\/li>\n\n\n\n<li><strong>Aplicaci\u00f3n parcelada:<\/strong> La encuesta ofrece la flexibilidad de ser contestada en sesiones breves y en distintos momentos, adapt\u00e1ndose a la disponibilidad de la empresa.<\/li>\n<\/ul>\n\n\n\n<p>Respecto a la seguridad de los datos, el Centro UC garantizan la adhesi\u00f3n al secreto estad\u00edstico. Esto significa que toda la informaci\u00f3n recopilada ser\u00e1 tratada con estricto anonimato y se utilizar\u00e1 exclusivamente para fines agregados y estad\u00edsticos.<\/p>\n\n\n\n<p>Para entregar total confianza a los participantes, las empresas pueden verificar la identidad oficial de su encuestador\/a ingresando al portal <a href=\"https:\/\/centrouc.cl\/buscadorusuarios\/verifica\" target=\"_blank\" rel=\"noreferrer noopener\">https:\/\/centrouc.cl\/buscadorusuarios\/verifica<\/a> o ingresando a:<\/p>\n\n\n<style>.wp-block-kadence-advancedbtn.kb-btns2852_ad3267-ba{gap:var(--global-kb-gap-xs, 0.5rem );justify-content:center;align-items:center;}.kt-btns2852_ad3267-ba .kt-button{font-weight:normal;font-style:normal;}.kt-btns2852_ad3267-ba .kt-btn-wrap-0{margin-right:5px;}.wp-block-kadence-advancedbtn.kt-btns2852_ad3267-ba .kt-btn-wrap-0 .kt-button{color:#555555;border-color:#555555;}.wp-block-kadence-advancedbtn.kt-btns2852_ad3267-ba .kt-btn-wrap-0 .kt-button:hover, .wp-block-kadence-advancedbtn.kt-btns2852_ad3267-ba .kt-btn-wrap-0 .kt-button:focus{color:#ffffff;border-color:#444444;}.wp-block-kadence-advancedbtn.kt-btns2852_ad3267-ba .kt-btn-wrap-0 .kt-button::before{display:none;}.wp-block-kadence-advancedbtn.kt-btns2852_ad3267-ba .kt-btn-wrap-0 .kt-button:hover, .wp-block-kadence-advancedbtn.kt-btns2852_ad3267-ba .kt-btn-wrap-0 .kt-button:focus{background:#444444;}<\/style>\n<div class=\"wp-block-kadence-advancedbtn kb-buttons-wrap kb-btns2852_ad3267-ba\"><style>ul.menu .wp-block-kadence-advancedbtn .kb-btn2852_cd1013-4e.kb-button{width:initial;}<\/style><a class=\"kb-button kt-button button kb-btn2852_cd1013-4e kt-btn-size-xlarge kt-btn-width-type-auto kb-btn-global-inherit kt-btn-has-text-true kt-btn-has-svg-false wp-block-button__link wp-block-kadence-singlebtn\" href=\"https:\/\/centrouc.cl\/buscadorusuarios\/verifica\"><span class=\"kt-btn-inner-text\">Validar encuestador\/a<\/span><\/a><\/div>\n\n\n\n<p><\/p>\n\n\n\n<p>Quienes hayan sido notificados y deseen agendar su entrevista o aclarar dudas, pueden contactar al equipo del estudio escribiendo al correo <strong>contacto.adnempresas@uc.cl<\/strong> o llamando al tel\u00e9fono <strong>56227547200<\/strong>, o comunic\u00e1ndose directamente con el investigador responsable del estudio, el profesor <strong>David Bravo<\/strong>, Director del Centro UC de Encuestas y Estudios Longitudinales, al correo <strong>david.bravo@uc.cl<\/strong>.<\/p>\n\n\n\n<p>Responder a este llamado no es solo entregar datos; es la oportunidad directa para que las empresas seleccionadas hagan una contribuci\u00f3n fundamental para que el pa\u00eds pueda contar con evidencia de las barreras regulatorias y financieras que enfrentan d\u00eda a d\u00eda en el pa\u00eds.<\/p>\n","protected":false},"excerpt":{"rendered":"<p>30 de Marzo, 2026 Durante los meses de abril y septiembre del 2026, se realizar\u00e1 el levantamiento del estudio \u201cAn\u00e1lisis Din\u00e1mico Nacional de Empresas (ADN Empresas)\u201d. Esta iniciativa se impulsa en el pa\u00eds por la Pontificia Universidad Cat\u00f3lica de Chile, &hellip; <a href=\"http:\/\/encuestas.uc.cl\/?p=2852\">Continuar<\/a><\/p>\n","protected":false},"author":9,"featured_media":2864,"comment_status":"closed","ping_status":"open","sticky":false,"template":"","format":"standard","meta":{"kt_blocks_editor_width":"","footnotes":""},"categories":[10],"tags":[],"class_list":["post-2852","post","type-post","status-publish","format-standard","has-post-thumbnail","hentry","category-noticias"],"_links":{"self":[{"href":"http:\/\/encuestas.uc.cl\/index.php?rest_route=\/wp\/v2\/posts\/2852","targetHints":{"allow":["GET"]}}],"collection":[{"href":"http:\/\/encuestas.uc.cl\/index.php?rest_route=\/wp\/v2\/posts"}],"about":[{"href":"http:\/\/encuestas.uc.cl\/index.php?rest_route=\/wp\/v2\/types\/post"}],"author":[{"embeddable":true,"href":"http:\/\/encuestas.uc.cl\/index.php?rest_route=\/wp\/v2\/users\/9"}],"replies":[{"embeddable":true,"href":"http:\/\/encuestas.uc.cl\/index.php?rest_route=%2Fwp%2Fv2%2Fcomments&post=2852"}],"version-history":[{"count":12,"href":"http:\/\/encuestas.uc.cl\/index.php?rest_route=\/wp\/v2\/posts\/2852\/revisions"}],"predecessor-version":[{"id":2865,"href":"http:\/\/encuestas.uc.cl\/index.php?rest_route=\/wp\/v2\/posts\/2852\/revisions\/2865"}],"wp:featuredmedia":[{"embeddable":true,"href":"http:\/\/encuestas.uc.cl\/index.php?rest_route=\/wp\/v2\/media\/2864"}],"wp:attachment":[{"href":"http:\/\/encuestas.uc.cl\/index.php?rest_route=%2Fwp%2Fv2%2Fmedia&parent=2852"}],"wp:term":[{"taxonomy":"category","embeddable":true,"href":"http:\/\/encuestas.uc.cl\/index.php?rest_route=%2Fwp%2Fv2%2Fcategories&post=2852"},{"taxonomy":"post_tag","embeddable":true,"href":"http:\/\/encuestas.uc.cl\/index.php?rest_route=%2Fwp%2Fv2%2Ftags&post=2852"}],"curies":[{"name":"wp","href":"https:\/\/api.w.org\/{rel}","templated":true}]}}