{"id":2239,"date":"2024-05-24T21:35:13","date_gmt":"2024-05-24T21:35:13","guid":{"rendered":"http:\/\/encuestas.uc.cl\/?p=2239"},"modified":"2024-06-04T19:25:10","modified_gmt":"2024-06-04T19:25:10","slug":"novena-ronda-termometro-de-salud-mental-ya-se-encuentra-en-marcha","status":"publish","type":"post","link":"https:\/\/encuestas.uc.cl\/?p=2239","title":{"rendered":"Novena ronda Term\u00f3metro de Salud Mental ya se encuentra en marcha"},"content":{"rendered":"\n<p class=\"has-text-align-right\"><strong>24 de Mayo, 2024<\/strong><\/p>\n\n\n\n<p>La novena ronda del \u00abTerm\u00f3metro de la Salud Mental en Chile Achs-UC\u00bb, una colaboraci\u00f3n esencial entre la Asociaci\u00f3n Chilena de Seguridad (ACHS) y el Centro UC de Encuestas y Estudios Longitudinales, ya comenz\u00f3 este 17 de abril. Este estudio, que ha sido un recurso crucial para monitorear y analizar la salud mental de la poblaci\u00f3n chilena, contin\u00faa su labor de reportar peri\u00f3dicamente sobre la situaci\u00f3n y evoluci\u00f3n de la salud mental en el pa\u00eds, enfoc\u00e1ndose en profundizar los factores que la afectan.<\/p>\n\n\n\n<p>En la octava ronda, realizada entre noviembre y diciembre de 2023, un 17,1% de los encuestados mostraron sospechas de problemas de salud mental, cifra similar a la ronda anterior. Las mujeres mostraron una disminuci\u00f3n en los indicadores, mientras que los hombres experimentaron un aumento en comparaci\u00f3n con las mediciones anteriores. La ansiedad contin\u00faa siendo el trastorno m\u00e1s prevalente, afectando a cerca de un cuarto de la poblaci\u00f3n, manteni\u00e9ndose constante en el rango del 24% al 27% desde mediados de 2021.<\/p>\n\n\n\n<p>Durante la \u00faltima ronda del estudio, se observ\u00f3 que las mujeres experimentaron una significativa disminuci\u00f3n en la prevalencia de sospechas de problemas de salud mental, cayendo 7,1 puntos porcentuales respecto a mediciones previas. En contraste, los hombres mostraron un incremento de 7,2 puntos porcentuales. Este cambio subraya la variabilidad de los impactos de salud mental entre g\u00e9neros y sugiere la necesidad de estrategias de intervenci\u00f3n diferenciadas.<\/p>\n\n\n\n<figure class=\"wp-block-image size-large is-resized\"><img loading=\"lazy\" decoding=\"async\" width=\"1024\" height=\"768\" src=\"http:\/\/encuestas.uc.cl\/wp-content\/uploads\/2024\/05\/image-1-1024x768.png\" alt=\"\" class=\"wp-image-2240\" style=\"width:736px;height:auto\" srcset=\"https:\/\/encuestas.uc.cl\/wp-content\/uploads\/2024\/05\/image-1-1024x768.png 1024w, https:\/\/encuestas.uc.cl\/wp-content\/uploads\/2024\/05\/image-1-300x225.png 300w, https:\/\/encuestas.uc.cl\/wp-content\/uploads\/2024\/05\/image-1-768x576.png 768w, https:\/\/encuestas.uc.cl\/wp-content\/uploads\/2024\/05\/image-1.png 1200w\" sizes=\"auto, (max-width: 1024px) 100vw, 1024px\" \/><figcaption class=\"wp-element-caption\"><sub>fuente: iStock<\/sub><\/figcaption><\/figure>\n\n\n\n<p>Adem\u00e1s, la ansiedad sigue siendo el desaf\u00edo principal en la salud mental de los chilenos, con aproximadamente un cuarto de la poblaci\u00f3n afectada. Este trastorno ha mostrado una prevalencia constante y se ha convertido en el foco de atenci\u00f3n para futuras intervenciones. Los s\u00edntomas m\u00e1s comunes reportados incluyeron preocupaci\u00f3n excesiva y problemas para relajarse, lo que indica un alto nivel de estr\u00e9s percibido en la poblaci\u00f3n. Esta constancia en los niveles de ansiedad a lo largo de los a\u00f1os pone de manifiesto la importancia de desarrollar m\u00e9todos m\u00e1s efectivos para gestionar y mitigar estos s\u00edntomas en la poblaci\u00f3n general.<\/p>\n\n\n\n<p>La pr\u00f3xima ronda buscar\u00e1 actualizar estos datos y explorar m\u00e1s a fondo las din\u00e1micas de g\u00e9nero y la efectividad de los tratamientos de salud mental, una \u00e1rea de inter\u00e9s continuo dada la estabilidad de las prevalencias observadas desde fines de 2022. La encuesta se realizar\u00e1 mediante entrevistas telef\u00f3nicas a una muestra representativa de la poblaci\u00f3n nacional, asegurando un an\u00e1lisis profundo y representativo de la salud mental en Chile.<\/p>\n\n\n\n<p>En palabras de Daniela Campos, jefa t\u00e9cnica de Riesgos Psicosociales de Achs Seguro Laboral, \u00abes crucial entender c\u00f3mo evoluciona la salud mental de nuestra poblaci\u00f3n para poder ofrecer intervenciones m\u00e1s efectivas\u00bb. Antonia Err\u00e1zuriz, acad\u00e9mica del Departamento de Psiquiatr\u00eda de la Facultad de Medicina de la UC, destac\u00f3 la importancia de estos datos en la configuraci\u00f3n de pol\u00edticas p\u00fablicas y programas de apoyo.<\/p>\n\n\n\n<p>Este estudio no solo proporciona una perspectiva detallada sobre la salud mental en Chile, sino que tambi\u00e9n ayuda a guiar esfuerzos para mejorar el bienestar de la poblaci\u00f3n a trav\u00e9s de informaci\u00f3n precisa y actualizada.<\/p>\n","protected":false},"excerpt":{"rendered":"<p>24 de Mayo, 2024 La novena ronda del \u00abTerm\u00f3metro de la Salud Mental en Chile Achs-UC\u00bb, una colaboraci\u00f3n esencial entre la Asociaci\u00f3n Chilena de Seguridad (ACHS) y el Centro UC de Encuestas y Estudios Longitudinales, ya comenz\u00f3 este 17 de &hellip; <a href=\"https:\/\/encuestas.uc.cl\/?p=2239\">Continuar<\/a><\/p>\n","protected":false},"author":6,"featured_media":2240,"comment_status":"closed","ping_status":"open","sticky":false,"template":"","format":"standard","meta":{"kt_blocks_editor_width":"","footnotes":""},"categories":[10],"tags":[],"class_list":["post-2239","post","type-post","status-publish","format-standard","has-post-thumbnail","hentry","category-noticias"],"_links":{"self":[{"href":"https:\/\/encuestas.uc.cl\/index.php?rest_route=\/wp\/v2\/posts\/2239","targetHints":{"allow":["GET"]}}],"collection":[{"href":"https:\/\/encuestas.uc.cl\/index.php?rest_route=\/wp\/v2\/posts"}],"about":[{"href":"https:\/\/encuestas.uc.cl\/index.php?rest_route=\/wp\/v2\/types\/post"}],"author":[{"embeddable":true,"href":"https:\/\/encuestas.uc.cl\/index.php?rest_route=\/wp\/v2\/users\/6"}],"replies":[{"embeddable":true,"href":"https:\/\/encuestas.uc.cl\/index.php?rest_route=%2Fwp%2Fv2%2Fcomments&post=2239"}],"version-history":[{"count":6,"href":"https:\/\/encuestas.uc.cl\/index.php?rest_route=\/wp\/v2\/posts\/2239\/revisions"}],"predecessor-version":[{"id":2330,"href":"https:\/\/encuestas.uc.cl\/index.php?rest_route=\/wp\/v2\/posts\/2239\/revisions\/2330"}],"wp:featuredmedia":[{"embeddable":true,"href":"https:\/\/encuestas.uc.cl\/index.php?rest_route=\/wp\/v2\/media\/2240"}],"wp:attachment":[{"href":"https:\/\/encuestas.uc.cl\/index.php?rest_route=%2Fwp%2Fv2%2Fmedia&parent=2239"}],"wp:term":[{"taxonomy":"category","embeddable":true,"href":"https:\/\/encuestas.uc.cl\/index.php?rest_route=%2Fwp%2Fv2%2Fcategories&post=2239"},{"taxonomy":"post_tag","embeddable":true,"href":"https:\/\/encuestas.uc.cl\/index.php?rest_route=%2Fwp%2Fv2%2Ftags&post=2239"}],"curies":[{"name":"wp","href":"https:\/\/api.w.org\/{rel}","templated":true}]}}